{"id":1136,"date":"2025-12-30T11:41:21","date_gmt":"2025-12-30T11:41:21","guid":{"rendered":"https:\/\/www.orangerent.fi\/?p=1136"},"modified":"2025-12-30T11:41:21","modified_gmt":"2025-12-30T11:41:21","slug":"talvi-liukulumikenkailijan-unelma","status":"publish","type":"post","link":"https:\/\/www.orangerent.fi\/index.php\/2025\/12\/30\/talvi-liukulumikenkailijan-unelma\/","title":{"rendered":"Talvi \u2013 Liukulumikenk\u00e4ilij\u00e4n unelma"},"content":{"rendered":"\n<hr class=\"wp-block-separator has-alpha-channel-opacity\"\/>\n\n\n\n<p class=\"has-text-align-center wp-block-paragraph\">Kun astut ulos pakkasaamuun, hengitys h\u00f6yry\u00e4\u00e4 ja lumi narskuu keng\u00e4n alla. Pohjois-Savo on verhoutunut valkoiseen hiljaisuuteen \u2013 huurteiset puut seisovat kuin j\u00e4\u00e4tyneet veistokset, ja paksu lumipeite peitt\u00e4\u00e4 mets\u00e4n polut. T\u00e4m\u00e4 on se hetki, jolloin luonto n\u00e4ytt\u00e4\u00e4 parastaan. Ei kiirett\u00e4, ei h\u00e4lin\u00e4\u00e4 \u2013 vain sin\u00e4, lumi ja rauha.<\/p>\n\n\n\n<p class=\"has-text-align-center wp-block-paragraph\">Liukulumikeng\u00e4t jalassa maailma avautuu uudella tavalla. Jokainen askel vie syvemm\u00e4lle talven taikaan. Puhelinta tai kameraa ei malta laittaa taskuun, sill\u00e4 jokainen maisema on kuin postikortti: auringon s\u00e4teet kimmelt\u00e4v\u00e4t hangen pinnalla, ja hiljaisuus on niin t\u00e4ydellinen, ett\u00e4 kuulet oman syd\u00e4mesi ly\u00f6nnit. Retkell\u00e4 mieli lep\u00e4\u00e4 \u2013 ja juuri siksi kannattaa pys\u00e4hty\u00e4, hengitt\u00e4\u00e4 ja antaa luonnon tehd\u00e4 taikansa.<\/p>\n\n\n\n<figure class=\"wp-block-image size-large\"><img loading=\"lazy\" decoding=\"async\" width=\"1024\" height=\"693\" src=\"https:\/\/www.orangerent.fi\/wp-content\/uploads\/2025\/12\/talvi-2025-orangerent-1024x693.jpg\" alt=\"Kev\u00e4thanki ja auringonpaiste \u2013 liukulumikenk\u00e4ily parhaimmillaan Pohjois-Savossa.\" class=\"wp-image-1139\" srcset=\"https:\/\/www.orangerent.fi\/wp-content\/uploads\/2025\/12\/talvi-2025-orangerent-1024x693.jpg 1024w, https:\/\/www.orangerent.fi\/wp-content\/uploads\/2025\/12\/talvi-2025-orangerent-300x203.jpg 300w, https:\/\/www.orangerent.fi\/wp-content\/uploads\/2025\/12\/talvi-2025-orangerent-768x520.jpg 768w, https:\/\/www.orangerent.fi\/wp-content\/uploads\/2025\/12\/talvi-2025-orangerent-1536x1040.jpg 1536w, https:\/\/www.orangerent.fi\/wp-content\/uploads\/2025\/12\/talvi-2025-orangerent-1140x772.jpg 1140w, https:\/\/www.orangerent.fi\/wp-content\/uploads\/2025\/12\/talvi-2025-orangerent.jpg 1920w\" sizes=\"auto, (max-width: 1024px) 100vw, 1024px\" \/><\/figure>\n\n\n\n<hr class=\"wp-block-separator has-alpha-channel-opacity\"\/>\n\n\n\n<p class=\"has-text-align-center has-text-color has-link-color wp-elements-d26ad1244af4743bdf9fa00d13e84cfe wp-block-paragraph\" style=\"color:#7c5d4d\"><strong>Varustautuminen \u2013 mukavuus ja l\u00e4mp\u00f6 ennen kaikkea<\/strong><\/p>\n\n\n\n<p class=\"has-text-align-center wp-block-paragraph\">Talviretki ei ole vain maisemia, vaan my\u00f6s valmistautumista. Kun pakkanen puree, oikeat varusteet tekev\u00e4t eron nautinnon ja selviytymisen v\u00e4lill\u00e4.<\/p>\n\n\n\n<ul class=\"wp-block-list\">\n<li><strong>Keng\u00e4t:<\/strong> Valitse keng\u00e4t, jotka taipuvat p\u00e4ki\u00e4st\u00e4 \u2013 liukulumikenkien side on suunniteltu siihen. Muista j\u00e4tt\u00e4\u00e4 tilaa paksuille sukille ja ilmatilalle, sill\u00e4 ilma erist\u00e4\u00e4 parhaiten. Liian tiukka kenk\u00e4 ei l\u00e4mmit\u00e4, vaikka sukkia olisi kuinka paljon.<\/li>\n\n\n\n<li><strong>Kerrospukeutuminen:<\/strong> Merinovilla on talven pelastaja. Se pit\u00e4\u00e4 l\u00e4mpim\u00e4n\u00e4 ja hengitt\u00e4\u00e4. Ulkovaatteiksi valitse tuulenpit\u00e4v\u00e4t ja hengitt\u00e4v\u00e4t materiaalit. Ja muista \u2013 hupullinen takki on pakkasella kullanarvoinen, sill\u00e4 hartiat ja niska kaipaavat suojaa.<\/li>\n\n\n\n<li><strong>Liikkuvuus:<\/strong> Jos aiot nostaa sykett\u00e4 m\u00e4ki\u00e4 nousten ja laskea rennosti alas, joustavat ja hengitt\u00e4v\u00e4t vaatteet ovat paras valinta. Pikkupakkasilla hiihtoon sopivat asut toimivat mainiosti my\u00f6s liukulumikenk\u00e4ilyss\u00e4.<\/li>\n<\/ul>\n\n\n\n<p class=\"has-text-align-center wp-block-paragraph\">Jokainen oppii kokeilemalla, mik\u00e4 toimii itselle parhaiten. Jos olet ep\u00e4varma, kysy vinkkej\u00e4 harrastajilta tai urheiluv\u00e4linekaupan asiantuntijoilta \u2013 he tiet\u00e4v\u00e4t, mik\u00e4 toimii paukkupakkasilla.<\/p>\n\n\n\n<p class=\"has-text-align-center has-text-color has-link-color wp-elements-5b724b95c91edb13f5efd5106d6df4ee wp-block-paragraph\" style=\"color:#7c5d4d\"><strong>Reittivalinta \u2013 minne liukulumikengill\u00e4 kannattaa suunnata?<\/strong><\/p>\n\n\n\n<p class=\"has-text-align-center wp-block-paragraph\">Kun varusteet ovat kunnossa, seuraava kysymys kuuluu: minne l\u00e4hte\u00e4? Pohjois-Savo tarjoaa lukemattomia vaihtoehtoja \u2013 hiljaisia mets\u00e4polkuja, kumpuilevia peltoja ja j\u00e4rvien rantoja, joilla lumi kimmelt\u00e4\u00e4 kuin timantti. Valitse reitti, joka sopii omaan kuntoon ja aikatauluun. Aloittelijalle lyhyempi lenkki riitt\u00e4\u00e4, kun taas kokeneempi retkeilij\u00e4 voi suunnata pidemm\u00e4lle ja nauttia koko p\u00e4iv\u00e4n kest\u00e4vist\u00e4 maisemista.<\/p>\n\n\n\n<p class=\"has-text-align-center wp-block-paragraph\"><strong>Vinkki:<\/strong> Aamun ensimm\u00e4iset tunnit ovat maagisia. Aurinko nousee, hanki kantaa ja ilma on raikas. Jos haluat kokea t\u00e4ydellisen hiljaisuuden, l\u00e4hde liikkeelle ennen kuin muut her\u00e4\u00e4v\u00e4t.<\/p>\n\n\n\n<p class=\"has-text-align-center has-text-color has-link-color wp-elements-18ce62ba1f43b36c378277842d28ee45 wp-block-paragraph\" style=\"color:#7c5d4d\"><strong>Talvi on tunne<\/strong><\/p>\n\n\n\n<p class=\"has-text-align-center wp-block-paragraph\">Talvi ei ole vain vuodenaika. Se on hiljaisuus, joka rauhoittaa. Se on lumi, joka peitt\u00e4\u00e4 arjen kiireet. Se on hetki, jolloin luonto kutsuu ja mieli vastaa. Liukulumikenk\u00e4ily antaa mahdollisuuden kokea t\u00e4m\u00e4n kaiken \u2013 askel kerrallaan.<\/p>\n\n\n\n<p class=\"has-text-align-center has-text-color has-link-color has-medium-font-size wp-elements-d5a99eede92e56ad5bbb4d1a305b013c wp-block-paragraph\" style=\"color:#7c5d4d\"><strong><em>Nautitaan yhdess\u00e4 n\u00e4ist\u00e4 talven parhaista keleist\u00e4!<\/em><\/strong><\/p>\n\n\n\n<p class=\"wp-block-paragraph\"><\/p>\n\n\n\n<p class=\"wp-block-paragraph\"><\/p>\n\n\n\n<figure class=\"wp-block-embed is-type-wp-embed is-provider-orangerent wp-block-embed-orangerent\"><div class=\"wp-block-embed__wrapper\">\n<blockquote class=\"wp-embedded-content\" data-secret=\"JTBGXpZedD\"><a href=\"https:\/\/www.orangerent.fi\/index.php\/vuokraa-liukulumikengat\/\">Vuokraa liukulumikeng\u00e4t<\/a><\/blockquote><iframe loading=\"lazy\" class=\"wp-embedded-content\" sandbox=\"allow-scripts\" security=\"restricted\" style=\"position: absolute; visibility: hidden;\" title=\"&#8221;Vuokraa liukulumikeng\u00e4t&#8221; &#8212;  Luovuutta luonnosta, iloa yhdess\u00e4olosta -\" src=\"https:\/\/www.orangerent.fi\/index.php\/vuokraa-liukulumikengat\/embed\/#?secret=xnOVDWez3C#?secret=JTBGXpZedD\" data-secret=\"JTBGXpZedD\" width=\"600\" height=\"338\" frameborder=\"0\" marginwidth=\"0\" marginheight=\"0\" scrolling=\"no\"><\/iframe>\n<\/div><\/figure>\n","protected":false},"excerpt":{"rendered":"<p>Kun astut ulos pakkasaamuun, hengitys h\u00f6yry\u00e4\u00e4 ja lumi narskuu keng\u00e4n alla. Pohjois-Savo on verhoutunut valkoiseen hiljaisuuteen \u2013 huurteiset puut seisovat kuin j\u00e4\u00e4tyneet veistokset, ja paksu lumipeite peitt\u00e4\u00e4 mets\u00e4n polut. T\u00e4m\u00e4 on se hetki, jolloin luonto n\u00e4ytt\u00e4\u00e4 parastaan. Ei kiirett\u00e4, ei &hellip; <\/p>\n","protected":false},"author":1,"featured_media":1140,"comment_status":"closed","ping_status":"open","sticky":false,"template":"","format":"standard","meta":{"footnotes":""},"categories":[1],"tags":[28,20,25,26,27],"class_list":["post-1136","post","type-post","status-publish","format-standard","has-post-thumbnail","hentry","category-lue-lisaa","tag-liukulumikenka","tag-liukulumikenkailemaan","tag-luonto","tag-retkeily","tag-retki"],"aioseo_notices":[],"aioseo_head":"\n\t\t<!-- All in One SEO 4.9.10 - aioseo.com -->\n\t<meta name=\"description\" content=\"Koe talven taika Pohjois-Savossa! Lue ajatuksiani liukulumikenk\u00e4ilyyn, varusteisiin, reittivinkkeihin liittyen, Inspiroidu ja l\u00e4hde retkelle!\" \/>\n\t<meta name=\"robots\" content=\"max-image-preview:large\" \/>\n\t<meta name=\"author\" content=\"Minnamarleh\"\/>\n\t<meta name=\"google-site-verification\" content=\"QSXTgZ6YoZ4hzzDVkYRC4WpxSRKr1RaRqh3eogpJV3E\" \/>\n\t<link rel=\"canonical\" href=\"https:\/\/www.orangerent.fi\/index.php\/2025\/12\/30\/talvi-liukulumikenkailijan-unelma\/\" \/>\n\t<meta name=\"generator\" content=\"All in One SEO (AIOSEO) 4.9.10\" \/>\n\t\t<meta property=\"og:locale\" content=\"fi_FI\" \/>\n\t\t<meta property=\"og:site_name\" content=\"Luovuutta luonnosta, iloa yhdess\u00e4olosta -\" \/>\n\t\t<meta property=\"og:type\" content=\"article\" \/>\n\t\t<meta property=\"og:title\" content=\"Talvi \u2013 Liukulumikenk\u00e4ilij\u00e4n unelma - Luovuutta luonnosta, iloa yhdess\u00e4olosta -\" \/>\n\t\t<meta property=\"og:description\" content=\"Koe talven taika Pohjois-Savossa! Lue ajatuksiani liukulumikenk\u00e4ilyyn, varusteisiin, reittivinkkeihin liittyen, Inspiroidu ja l\u00e4hde retkelle!\" \/>\n\t\t<meta property=\"og:url\" content=\"https:\/\/www.orangerent.fi\/index.php\/2025\/12\/30\/talvi-liukulumikenkailijan-unelma\/\" \/>\n\t\t<meta property=\"og:image\" content=\"https:\/\/www.orangerent.fi\/wp-content\/uploads\/2022\/10\/Nimeton-suunn.malli-1.png\" \/>\n\t\t<meta property=\"og:image:secure_url\" content=\"https:\/\/www.orangerent.fi\/wp-content\/uploads\/2022\/10\/Nimeton-suunn.malli-1.png\" \/>\n\t\t<meta property=\"og:image:width\" content=\"500\" \/>\n\t\t<meta property=\"og:image:height\" content=\"500\" \/>\n\t\t<meta property=\"article:tag\" content=\"liukulumikenk\u00e4\" \/>\n\t\t<meta property=\"article:tag\" content=\"liukulumikenk\u00e4ilem\u00e4\u00e4n\" \/>\n\t\t<meta property=\"article:tag\" content=\"luonto\" \/>\n\t\t<meta property=\"article:tag\" content=\"retkeily\" \/>\n\t\t<meta property=\"article:tag\" content=\"retki\" \/>\n\t\t<meta property=\"article:published_time\" content=\"2025-12-30T11:41:21+00:00\" \/>\n\t\t<meta property=\"article:modified_time\" content=\"2025-12-30T11:41:21+00:00\" \/>\n\t\t<meta property=\"article:publisher\" content=\"https:\/\/www.facebook.com\/profile.php?id=100083566412711\" \/>\n\t\t<meta name=\"twitter:card\" content=\"summary_large_image\" \/>\n\t\t<meta name=\"twitter:title\" content=\"Talvi \u2013 Liukulumikenk\u00e4ilij\u00e4n unelma - Luovuutta luonnosta, iloa yhdess\u00e4olosta -\" \/>\n\t\t<meta name=\"twitter:description\" content=\"Koe talven taika Pohjois-Savossa! Lue ajatuksiani liukulumikenk\u00e4ilyyn, varusteisiin, reittivinkkeihin liittyen, Inspiroidu ja l\u00e4hde retkelle!\" \/>\n\t\t<meta name=\"twitter:image\" content=\"https:\/\/www.orangerent.fi\/wp-content\/uploads\/2022\/10\/Nimeton-suunn.malli-1.png\" \/>\n\t\t<meta name=\"twitter:label1\" content=\"Written by\" \/>\n\t\t<meta name=\"twitter:data1\" content=\"Minnamarleh\" \/>\n\t\t<meta name=\"twitter:label2\" content=\"Est. reading time\" \/>\n\t\t<meta name=\"twitter:data2\" content=\"2 minutes\" \/>\n\t\t<script type=\"application\/ld+json\" class=\"aioseo-schema\">\n\t\t\t{\"@context\":\"https:\\\/\\\/schema.org\",\"@graph\":[{\"@type\":\"Article\",\"@id\":\"https:\\\/\\\/www.orangerent.fi\\\/index.php\\\/2025\\\/12\\\/30\\\/talvi-liukulumikenkailijan-unelma\\\/#article\",\"name\":\"Talvi \\u2013 Liukulumikenk\\u00e4ilij\\u00e4n unelma - Luovuutta luonnosta, iloa yhdess\\u00e4olosta -\",\"headline\":\"Talvi \\u2013 Liukulumikenk\\u00e4ilij\\u00e4n unelma\",\"author\":{\"@id\":\"https:\\\/\\\/www.orangerent.fi\\\/index.php\\\/author\\\/admin\\\/#author\"},\"publisher\":{\"@id\":\"https:\\\/\\\/www.orangerent.fi\\\/#organization\"},\"image\":{\"@type\":\"ImageObject\",\"url\":\"https:\\\/\\\/www.orangerent.fi\\\/wp-content\\\/uploads\\\/2025\\\/12\\\/talvi-2025-orangerent-2-1.jpg\",\"width\":1920,\"height\":1300,\"caption\":\"Liukulumikenk\\u00e4ilij\\u00e4 nauttimassa talven rauhasta ja luonnon kauneudesta.\"},\"datePublished\":\"2025-12-30T11:41:21+00:00\",\"dateModified\":\"2025-12-30T11:41:21+00:00\",\"inLanguage\":\"fi\",\"mainEntityOfPage\":{\"@id\":\"https:\\\/\\\/www.orangerent.fi\\\/index.php\\\/2025\\\/12\\\/30\\\/talvi-liukulumikenkailijan-unelma\\\/#webpage\"},\"isPartOf\":{\"@id\":\"https:\\\/\\\/www.orangerent.fi\\\/index.php\\\/2025\\\/12\\\/30\\\/talvi-liukulumikenkailijan-unelma\\\/#webpage\"},\"articleSection\":\"Lue lis\\u00e4\\u00e4!, liukulumikenk\\u00e4, liukulumikenk\\u00e4ilem\\u00e4\\u00e4n, luonto, retkeily, retki\"},{\"@type\":\"BreadcrumbList\",\"@id\":\"https:\\\/\\\/www.orangerent.fi\\\/index.php\\\/2025\\\/12\\\/30\\\/talvi-liukulumikenkailijan-unelma\\\/#breadcrumblist\",\"itemListElement\":[{\"@type\":\"ListItem\",\"@id\":\"https:\\\/\\\/www.orangerent.fi#listItem\",\"position\":1,\"name\":\"Home\",\"item\":\"https:\\\/\\\/www.orangerent.fi\",\"nextItem\":{\"@type\":\"ListItem\",\"@id\":\"https:\\\/\\\/www.orangerent.fi\\\/index.php\\\/category\\\/lue-lisaa\\\/#listItem\",\"name\":\"Lue lis\\u00e4\\u00e4!\"}},{\"@type\":\"ListItem\",\"@id\":\"https:\\\/\\\/www.orangerent.fi\\\/index.php\\\/category\\\/lue-lisaa\\\/#listItem\",\"position\":2,\"name\":\"Lue lis\\u00e4\\u00e4!\",\"item\":\"https:\\\/\\\/www.orangerent.fi\\\/index.php\\\/category\\\/lue-lisaa\\\/\",\"nextItem\":{\"@type\":\"ListItem\",\"@id\":\"https:\\\/\\\/www.orangerent.fi\\\/index.php\\\/2025\\\/12\\\/30\\\/talvi-liukulumikenkailijan-unelma\\\/#listItem\",\"name\":\"Talvi \\u2013 Liukulumikenk\\u00e4ilij\\u00e4n unelma\"},\"previousItem\":{\"@type\":\"ListItem\",\"@id\":\"https:\\\/\\\/www.orangerent.fi#listItem\",\"name\":\"Home\"}},{\"@type\":\"ListItem\",\"@id\":\"https:\\\/\\\/www.orangerent.fi\\\/index.php\\\/2025\\\/12\\\/30\\\/talvi-liukulumikenkailijan-unelma\\\/#listItem\",\"position\":3,\"name\":\"Talvi \\u2013 Liukulumikenk\\u00e4ilij\\u00e4n unelma\",\"previousItem\":{\"@type\":\"ListItem\",\"@id\":\"https:\\\/\\\/www.orangerent.fi\\\/index.php\\\/category\\\/lue-lisaa\\\/#listItem\",\"name\":\"Lue lis\\u00e4\\u00e4!\"}}]},{\"@type\":\"Organization\",\"@id\":\"https:\\\/\\\/www.orangerent.fi\\\/#organization\",\"name\":\"Orangerent\",\"description\":\"Orangerent tekee arjesta ja juhlasta el\\u00e4myksellist\\u00e4.\",\"url\":\"https:\\\/\\\/www.orangerent.fi\\\/\",\"telephone\":\"+358407157188\",\"logo\":{\"@type\":\"ImageObject\",\"url\":\"https:\\\/\\\/www.orangerent.fi\\\/wp-content\\\/uploads\\\/2022\\\/10\\\/Nimeton-suunn.malli-1.png\",\"@id\":\"https:\\\/\\\/www.orangerent.fi\\\/index.php\\\/2025\\\/12\\\/30\\\/talvi-liukulumikenkailijan-unelma\\\/#organizationLogo\",\"width\":500,\"height\":500,\"caption\":\"Vuokraa liukulumikeng\\u00e4t orangerent\"},\"image\":{\"@id\":\"https:\\\/\\\/www.orangerent.fi\\\/index.php\\\/2025\\\/12\\\/30\\\/talvi-liukulumikenkailijan-unelma\\\/#organizationLogo\"},\"sameAs\":[\"https:\\\/\\\/www.facebook.com\\\/profile.php?id=100083566412711\"]},{\"@type\":\"Person\",\"@id\":\"https:\\\/\\\/www.orangerent.fi\\\/index.php\\\/author\\\/admin\\\/#author\",\"url\":\"https:\\\/\\\/www.orangerent.fi\\\/index.php\\\/author\\\/admin\\\/\",\"name\":\"Minnamarleh\",\"image\":{\"@type\":\"ImageObject\",\"@id\":\"https:\\\/\\\/www.orangerent.fi\\\/index.php\\\/2025\\\/12\\\/30\\\/talvi-liukulumikenkailijan-unelma\\\/#authorImage\",\"url\":\"https:\\\/\\\/secure.gravatar.com\\\/avatar\\\/e7e45f22aaa2a6a9c86b01b898f265cb1671c9eee645285a0e07aa6c9e1d2767?s=96&d=mm&r=g\",\"width\":96,\"height\":96,\"caption\":\"Minnamarleh\"}},{\"@type\":\"WebPage\",\"@id\":\"https:\\\/\\\/www.orangerent.fi\\\/index.php\\\/2025\\\/12\\\/30\\\/talvi-liukulumikenkailijan-unelma\\\/#webpage\",\"url\":\"https:\\\/\\\/www.orangerent.fi\\\/index.php\\\/2025\\\/12\\\/30\\\/talvi-liukulumikenkailijan-unelma\\\/\",\"name\":\"Talvi \\u2013 Liukulumikenk\\u00e4ilij\\u00e4n unelma - Luovuutta luonnosta, iloa yhdess\\u00e4olosta -\",\"description\":\"Koe talven taika Pohjois-Savossa! Lue ajatuksiani liukulumikenk\\u00e4ilyyn, varusteisiin, reittivinkkeihin liittyen, Inspiroidu ja l\\u00e4hde retkelle!\",\"inLanguage\":\"fi\",\"isPartOf\":{\"@id\":\"https:\\\/\\\/www.orangerent.fi\\\/#website\"},\"breadcrumb\":{\"@id\":\"https:\\\/\\\/www.orangerent.fi\\\/index.php\\\/2025\\\/12\\\/30\\\/talvi-liukulumikenkailijan-unelma\\\/#breadcrumblist\"},\"author\":{\"@id\":\"https:\\\/\\\/www.orangerent.fi\\\/index.php\\\/author\\\/admin\\\/#author\"},\"creator\":{\"@id\":\"https:\\\/\\\/www.orangerent.fi\\\/index.php\\\/author\\\/admin\\\/#author\"},\"image\":{\"@type\":\"ImageObject\",\"url\":\"https:\\\/\\\/www.orangerent.fi\\\/wp-content\\\/uploads\\\/2025\\\/12\\\/talvi-2025-orangerent-2-1.jpg\",\"@id\":\"https:\\\/\\\/www.orangerent.fi\\\/index.php\\\/2025\\\/12\\\/30\\\/talvi-liukulumikenkailijan-unelma\\\/#mainImage\",\"width\":1920,\"height\":1300,\"caption\":\"Liukulumikenk\\u00e4ilij\\u00e4 nauttimassa talven rauhasta ja luonnon kauneudesta.\"},\"primaryImageOfPage\":{\"@id\":\"https:\\\/\\\/www.orangerent.fi\\\/index.php\\\/2025\\\/12\\\/30\\\/talvi-liukulumikenkailijan-unelma\\\/#mainImage\"},\"datePublished\":\"2025-12-30T11:41:21+00:00\",\"dateModified\":\"2025-12-30T11:41:21+00:00\"},{\"@type\":\"WebSite\",\"@id\":\"https:\\\/\\\/www.orangerent.fi\\\/#website\",\"url\":\"https:\\\/\\\/www.orangerent.fi\\\/\",\"name\":\"Liukulumikenk\\u00e4retket ja vuokraus\",\"description\":\"Orangerent tekee arjesta ja juhlasta el\\u00e4myksellist\\u00e4.\",\"inLanguage\":\"fi\",\"publisher\":{\"@id\":\"https:\\\/\\\/www.orangerent.fi\\\/#organization\"}}]}\n\t\t<\/script>\n\t\t<!-- All in One SEO -->\n\n","aioseo_head_json":{"title":"Talvi \u2013 Liukulumikenk\u00e4ilij\u00e4n unelma - Luovuutta luonnosta, iloa yhdess\u00e4olosta -","description":"Koe talven taika Pohjois-Savossa! Lue ajatuksiani liukulumikenk\u00e4ilyyn, varusteisiin, reittivinkkeihin liittyen, Inspiroidu ja l\u00e4hde retkelle!","canonical_url":"https:\/\/www.orangerent.fi\/index.php\/2025\/12\/30\/talvi-liukulumikenkailijan-unelma\/","robots":"max-image-preview:large","keywords":"","webmasterTools":{"google-site-verification":"QSXTgZ6YoZ4hzzDVkYRC4WpxSRKr1RaRqh3eogpJV3E","miscellaneous":""},"schema":{"@context":"https:\/\/schema.org","@graph":[{"@type":"Article","@id":"https:\/\/www.orangerent.fi\/index.php\/2025\/12\/30\/talvi-liukulumikenkailijan-unelma\/#article","name":"Talvi \u2013 Liukulumikenk\u00e4ilij\u00e4n unelma - Luovuutta luonnosta, iloa yhdess\u00e4olosta -","headline":"Talvi \u2013 Liukulumikenk\u00e4ilij\u00e4n unelma","author":{"@id":"https:\/\/www.orangerent.fi\/index.php\/author\/admin\/#author"},"publisher":{"@id":"https:\/\/www.orangerent.fi\/#organization"},"image":{"@type":"ImageObject","url":"https:\/\/www.orangerent.fi\/wp-content\/uploads\/2025\/12\/talvi-2025-orangerent-2-1.jpg","width":1920,"height":1300,"caption":"Liukulumikenk\u00e4ilij\u00e4 nauttimassa talven rauhasta ja luonnon kauneudesta."},"datePublished":"2025-12-30T11:41:21+00:00","dateModified":"2025-12-30T11:41:21+00:00","inLanguage":"fi","mainEntityOfPage":{"@id":"https:\/\/www.orangerent.fi\/index.php\/2025\/12\/30\/talvi-liukulumikenkailijan-unelma\/#webpage"},"isPartOf":{"@id":"https:\/\/www.orangerent.fi\/index.php\/2025\/12\/30\/talvi-liukulumikenkailijan-unelma\/#webpage"},"articleSection":"Lue lis\u00e4\u00e4!, liukulumikenk\u00e4, liukulumikenk\u00e4ilem\u00e4\u00e4n, luonto, retkeily, retki"},{"@type":"BreadcrumbList","@id":"https:\/\/www.orangerent.fi\/index.php\/2025\/12\/30\/talvi-liukulumikenkailijan-unelma\/#breadcrumblist","itemListElement":[{"@type":"ListItem","@id":"https:\/\/www.orangerent.fi#listItem","position":1,"name":"Home","item":"https:\/\/www.orangerent.fi","nextItem":{"@type":"ListItem","@id":"https:\/\/www.orangerent.fi\/index.php\/category\/lue-lisaa\/#listItem","name":"Lue lis\u00e4\u00e4!"}},{"@type":"ListItem","@id":"https:\/\/www.orangerent.fi\/index.php\/category\/lue-lisaa\/#listItem","position":2,"name":"Lue lis\u00e4\u00e4!","item":"https:\/\/www.orangerent.fi\/index.php\/category\/lue-lisaa\/","nextItem":{"@type":"ListItem","@id":"https:\/\/www.orangerent.fi\/index.php\/2025\/12\/30\/talvi-liukulumikenkailijan-unelma\/#listItem","name":"Talvi \u2013 Liukulumikenk\u00e4ilij\u00e4n unelma"},"previousItem":{"@type":"ListItem","@id":"https:\/\/www.orangerent.fi#listItem","name":"Home"}},{"@type":"ListItem","@id":"https:\/\/www.orangerent.fi\/index.php\/2025\/12\/30\/talvi-liukulumikenkailijan-unelma\/#listItem","position":3,"name":"Talvi \u2013 Liukulumikenk\u00e4ilij\u00e4n unelma","previousItem":{"@type":"ListItem","@id":"https:\/\/www.orangerent.fi\/index.php\/category\/lue-lisaa\/#listItem","name":"Lue lis\u00e4\u00e4!"}}]},{"@type":"Organization","@id":"https:\/\/www.orangerent.fi\/#organization","name":"Orangerent","description":"Orangerent tekee arjesta ja juhlasta el\u00e4myksellist\u00e4.","url":"https:\/\/www.orangerent.fi\/","telephone":"+358407157188","logo":{"@type":"ImageObject","url":"https:\/\/www.orangerent.fi\/wp-content\/uploads\/2022\/10\/Nimeton-suunn.malli-1.png","@id":"https:\/\/www.orangerent.fi\/index.php\/2025\/12\/30\/talvi-liukulumikenkailijan-unelma\/#organizationLogo","width":500,"height":500,"caption":"Vuokraa liukulumikeng\u00e4t orangerent"},"image":{"@id":"https:\/\/www.orangerent.fi\/index.php\/2025\/12\/30\/talvi-liukulumikenkailijan-unelma\/#organizationLogo"},"sameAs":["https:\/\/www.facebook.com\/profile.php?id=100083566412711"]},{"@type":"Person","@id":"https:\/\/www.orangerent.fi\/index.php\/author\/admin\/#author","url":"https:\/\/www.orangerent.fi\/index.php\/author\/admin\/","name":"Minnamarleh","image":{"@type":"ImageObject","@id":"https:\/\/www.orangerent.fi\/index.php\/2025\/12\/30\/talvi-liukulumikenkailijan-unelma\/#authorImage","url":"https:\/\/secure.gravatar.com\/avatar\/e7e45f22aaa2a6a9c86b01b898f265cb1671c9eee645285a0e07aa6c9e1d2767?s=96&d=mm&r=g","width":96,"height":96,"caption":"Minnamarleh"}},{"@type":"WebPage","@id":"https:\/\/www.orangerent.fi\/index.php\/2025\/12\/30\/talvi-liukulumikenkailijan-unelma\/#webpage","url":"https:\/\/www.orangerent.fi\/index.php\/2025\/12\/30\/talvi-liukulumikenkailijan-unelma\/","name":"Talvi \u2013 Liukulumikenk\u00e4ilij\u00e4n unelma - Luovuutta luonnosta, iloa yhdess\u00e4olosta -","description":"Koe talven taika Pohjois-Savossa! Lue ajatuksiani liukulumikenk\u00e4ilyyn, varusteisiin, reittivinkkeihin liittyen, Inspiroidu ja l\u00e4hde retkelle!","inLanguage":"fi","isPartOf":{"@id":"https:\/\/www.orangerent.fi\/#website"},"breadcrumb":{"@id":"https:\/\/www.orangerent.fi\/index.php\/2025\/12\/30\/talvi-liukulumikenkailijan-unelma\/#breadcrumblist"},"author":{"@id":"https:\/\/www.orangerent.fi\/index.php\/author\/admin\/#author"},"creator":{"@id":"https:\/\/www.orangerent.fi\/index.php\/author\/admin\/#author"},"image":{"@type":"ImageObject","url":"https:\/\/www.orangerent.fi\/wp-content\/uploads\/2025\/12\/talvi-2025-orangerent-2-1.jpg","@id":"https:\/\/www.orangerent.fi\/index.php\/2025\/12\/30\/talvi-liukulumikenkailijan-unelma\/#mainImage","width":1920,"height":1300,"caption":"Liukulumikenk\u00e4ilij\u00e4 nauttimassa talven rauhasta ja luonnon kauneudesta."},"primaryImageOfPage":{"@id":"https:\/\/www.orangerent.fi\/index.php\/2025\/12\/30\/talvi-liukulumikenkailijan-unelma\/#mainImage"},"datePublished":"2025-12-30T11:41:21+00:00","dateModified":"2025-12-30T11:41:21+00:00"},{"@type":"WebSite","@id":"https:\/\/www.orangerent.fi\/#website","url":"https:\/\/www.orangerent.fi\/","name":"Liukulumikenk\u00e4retket ja vuokraus","description":"Orangerent tekee arjesta ja juhlasta el\u00e4myksellist\u00e4.","inLanguage":"fi","publisher":{"@id":"https:\/\/www.orangerent.fi\/#organization"}}]},"og:locale":"fi_FI","og:site_name":"Luovuutta luonnosta, iloa yhdess\u00e4olosta -","og:type":"article","og:title":"Talvi \u2013 Liukulumikenk\u00e4ilij\u00e4n unelma - Luovuutta luonnosta, iloa yhdess\u00e4olosta -","og:description":"Koe talven taika Pohjois-Savossa! Lue ajatuksiani liukulumikenk\u00e4ilyyn, varusteisiin, reittivinkkeihin liittyen, Inspiroidu ja l\u00e4hde retkelle!","og:url":"https:\/\/www.orangerent.fi\/index.php\/2025\/12\/30\/talvi-liukulumikenkailijan-unelma\/","og:image":"https:\/\/www.orangerent.fi\/wp-content\/uploads\/2022\/10\/Nimeton-suunn.malli-1.png","og:image:secure_url":"https:\/\/www.orangerent.fi\/wp-content\/uploads\/2022\/10\/Nimeton-suunn.malli-1.png","og:image:width":500,"og:image:height":500,"article:tag":["liukulumikenk\u00e4","liukulumikenk\u00e4ilem\u00e4\u00e4n","luonto","retkeily","retki"],"article:published_time":"2025-12-30T11:41:21+00:00","article:modified_time":"2025-12-30T11:41:21+00:00","article:publisher":"https:\/\/www.facebook.com\/profile.php?id=100083566412711","twitter:card":"summary_large_image","twitter:title":"Talvi \u2013 Liukulumikenk\u00e4ilij\u00e4n unelma - Luovuutta luonnosta, iloa yhdess\u00e4olosta -","twitter:description":"Koe talven taika Pohjois-Savossa! Lue ajatuksiani liukulumikenk\u00e4ilyyn, varusteisiin, reittivinkkeihin liittyen, Inspiroidu ja l\u00e4hde retkelle!","twitter:image":"https:\/\/www.orangerent.fi\/wp-content\/uploads\/2022\/10\/Nimeton-suunn.malli-1.png","twitter:label1":"Written by","twitter:data1":"Minnamarleh","twitter:label2":"Est. reading time","twitter:data2":"2 minutes"},"aioseo_meta_data":{"post_id":"1136","title":null,"description":"Koe talven taika Pohjois-Savossa! Lue ajatuksiani liukulumikenk\u00e4ilyyn, varusteisiin, reittivinkkeihin liittyen, Inspiroidu ja l\u00e4hde retkelle!","keywords":null,"keyphrases":{"focus":{"keyphrase":"","score":0,"analysis":{"keyphraseInTitle":{"score":0,"maxScore":9,"error":1}}},"additional":[]},"primary_term":null,"canonical_url":null,"og_title":null,"og_description":null,"og_object_type":"default","og_image_type":"default","og_image_url":null,"og_image_width":null,"og_image_height":null,"og_image_custom_url":null,"og_image_custom_fields":null,"og_video":"","og_custom_url":null,"og_article_section":null,"og_article_tags":null,"twitter_use_og":false,"twitter_card":"default","twitter_image_type":"default","twitter_image_url":null,"twitter_image_custom_url":null,"twitter_image_custom_fields":null,"twitter_title":null,"twitter_description":null,"schema":{"blockGraphs":[],"customGraphs":[],"default":{"data":{"Article":[],"Course":[],"Dataset":[],"FAQPage":[],"Movie":[],"Person":[],"Product":[],"ProductReview":[],"Car":[],"Recipe":[],"Service":[],"SoftwareApplication":[],"WebPage":[]},"graphName":"Article","isEnabled":true},"graphs":[]},"schema_type":"default","schema_type_options":null,"pillar_content":false,"robots_default":true,"robots_noindex":false,"robots_noarchive":false,"robots_nosnippet":false,"robots_nofollow":false,"robots_noimageindex":false,"robots_noodp":false,"robots_notranslate":false,"robots_max_snippet":"-1","robots_max_videopreview":"-1","robots_max_imagepreview":"large","priority":null,"frequency":"default","local_seo":null,"breadcrumb_settings":null,"limit_modified_date":false,"ai":{"faqs":[],"keyPoints":[],"titles":[],"descriptions":[],"socialPosts":{"email":[],"linkedin":[],"twitter":[],"facebook":[],"instagram":[]}},"created":"2025-12-30 11:19:25","updated":"2025-12-30 11:48:13","seo_analyzer_scan_date":null},"aioseo_breadcrumb":"<div class=\"aioseo-breadcrumbs\"><span class=\"aioseo-breadcrumb\">\n\t\t\t<a href=\"https:\/\/www.orangerent.fi\" title=\"Home\">Home<\/a>\n\t\t<\/span><span class=\"aioseo-breadcrumb-separator\">&ndash;<\/span><span class=\"aioseo-breadcrumb\">\n\t\t\t<a href=\"https:\/\/www.orangerent.fi\/index.php\/category\/lue-lisaa\/\" title=\"Lue lis\u00e4\u00e4!\">Lue lis\u00e4\u00e4!<\/a>\n\t\t<\/span><span class=\"aioseo-breadcrumb-separator\">&ndash;<\/span><span class=\"aioseo-breadcrumb\">\n\t\t\tTalvi \u2013 Liukulumikenk\u00e4ilij\u00e4n unelma\n\t\t<\/span><\/div>","aioseo_breadcrumb_json":[{"label":"Home","link":"https:\/\/www.orangerent.fi"},{"label":"Lue lis\u00e4\u00e4!","link":"https:\/\/www.orangerent.fi\/index.php\/category\/lue-lisaa\/"},{"label":"Talvi \u2013 Liukulumikenk\u00e4ilij\u00e4n unelma","link":"https:\/\/www.orangerent.fi\/index.php\/2025\/12\/30\/talvi-liukulumikenkailijan-unelma\/"}],"_links":{"self":[{"href":"https:\/\/www.orangerent.fi\/index.php\/wp-json\/wp\/v2\/posts\/1136","targetHints":{"allow":["GET"]}}],"collection":[{"href":"https:\/\/www.orangerent.fi\/index.php\/wp-json\/wp\/v2\/posts"}],"about":[{"href":"https:\/\/www.orangerent.fi\/index.php\/wp-json\/wp\/v2\/types\/post"}],"author":[{"embeddable":true,"href":"https:\/\/www.orangerent.fi\/index.php\/wp-json\/wp\/v2\/users\/1"}],"replies":[{"embeddable":true,"href":"https:\/\/www.orangerent.fi\/index.php\/wp-json\/wp\/v2\/comments?post=1136"}],"version-history":[{"count":4,"href":"https:\/\/www.orangerent.fi\/index.php\/wp-json\/wp\/v2\/posts\/1136\/revisions"}],"predecessor-version":[{"id":1143,"href":"https:\/\/www.orangerent.fi\/index.php\/wp-json\/wp\/v2\/posts\/1136\/revisions\/1143"}],"wp:featuredmedia":[{"embeddable":true,"href":"https:\/\/www.orangerent.fi\/index.php\/wp-json\/wp\/v2\/media\/1140"}],"wp:attachment":[{"href":"https:\/\/www.orangerent.fi\/index.php\/wp-json\/wp\/v2\/media?parent=1136"}],"wp:term":[{"taxonomy":"category","embeddable":true,"href":"https:\/\/www.orangerent.fi\/index.php\/wp-json\/wp\/v2\/categories?post=1136"},{"taxonomy":"post_tag","embeddable":true,"href":"https:\/\/www.orangerent.fi\/index.php\/wp-json\/wp\/v2\/tags?post=1136"}],"curies":[{"name":"wp","href":"https:\/\/api.w.org\/{rel}","templated":true}]}}